{"id":546,"date":"2020-06-04T18:47:39","date_gmt":"2020-06-04T18:47:39","guid":{"rendered":"http:\/\/www.malasartesanales.com\/?p=546"},"modified":"2021-07-27T23:34:57","modified_gmt":"2021-07-27T23:34:57","slug":"pulseras-cuarzos-y-aromas","status":"publish","type":"post","link":"https:\/\/malasartesanales.com\/index.php\/2020\/06\/04\/pulseras-cuarzos-y-aromas\/","title":{"rendered":"Pulseras Cuarzos y Aromas"},"content":{"rendered":"<p>Namaste,<\/p>\n<p>que sea un tiempo de paz y tranquilidad, que todo est\u00e9 fluyendo en armon\u00eda para ti y los tuyos.<\/p>\n<p>Hoy quiero presentarte la colecci\u00f3n de mis nuevas pulseras que he llamado Cuarzos y Aromas.\u00a0 He unido el poder de los cuarzos (reino mineral) con el poder de la aromaterapia (reino vegetal),\u00a0 ambas energ\u00edas trabajando de forma sutil, nos ayudar\u00e1n a fluir y avanzar\u00a0 en el d\u00eda a d\u00eda.<\/p>\n<p>Cada pulsera, consta de 8 cuarzos y en el centro de estos 8 cuarzos, lleva una piedra volc\u00e1nica. Es esta piedra volc\u00e1nica la que funcionar\u00e1 como difusor, le colocas una gota del aceite esencial que se te sugiere, para que as\u00ed, pueda trabajar\u00a0 la intenci\u00f3n que se le ha puesto a cada una.<\/p>\n<p>A continuaci\u00f3n, te dejo la colecci\u00f3n de las\u00a0 8\u00a0 pulseras que he trabajado, con una breve descripci\u00f3n:<\/p>\n<p><strong>Elevaci\u00f3n<\/strong>:\u00a0 he combinado la cornalina, que nos ayudar\u00e1 a elevar nuestra vitalidad y el jengibre que energiza. Ambas nos ayudar\u00e1n a elevar nuestra energ\u00eda.<\/p>\n<p>Pulsera ajustable con cuarzos de cornalina y piedra volc\u00e1nica hilo anaranjado<a href=\"https:\/\/malasartesanales.com\/wp-content\/uploads\/2020\/06\/elevacion-scaled.jpg\"><img loading=\"lazy\" class=\"aligncenter size-large wp-image-795\" src=\"https:\/\/malasartesanales.com\/wp-content\/uploads\/2020\/06\/elevacion-1024x985.jpg\" alt=\"\" width=\"474\" height=\"456\" srcset=\"https:\/\/malasartesanales.com\/wp-content\/uploads\/2020\/06\/elevacion-1024x985.jpg 1024w, https:\/\/malasartesanales.com\/wp-content\/uploads\/2020\/06\/elevacion-300x289.jpg 300w, https:\/\/malasartesanales.com\/wp-content\/uploads\/2020\/06\/elevacion-768x739.jpg 768w, https:\/\/malasartesanales.com\/wp-content\/uploads\/2020\/06\/elevacion-1536x1477.jpg 1536w, https:\/\/malasartesanales.com\/wp-content\/uploads\/2020\/06\/elevacion-2048x1970.jpg 2048w\" sizes=\"(max-width: 474px) 100vw, 474px\" \/><\/a><\/p>\n<p><strong>Nuevos caminos<\/strong>:\u00a0 la aventurina da fuerza para mostrar al esp\u00edritu la conexi\u00f3n con la luz del coraz\u00f3n, es un im\u00e1n de buena suerte, ayuda a alinear las buenas oportunidades y nos permite alcanzar nuevos objetivos.<\/p>\n<p>El\u00a0aroma del pino aumenta la energ\u00eda bio el\u00e9ctrica, vigorizando y armonizando nuestro entorno. Esta combinaci\u00f3n nos ayudar\u00e1 a\u00a0 visualizar nuevos caminos para transitar.<\/p>\n<div class=\"mceTemp\"><\/div>\n<p><a href=\"https:\/\/malasartesanales.com\/wp-content\/uploads\/2020\/06\/Nuevos-caminos-scaled.jpg\"><img loading=\"lazy\" class=\"aligncenter size-large wp-image-796\" src=\"https:\/\/malasartesanales.com\/wp-content\/uploads\/2020\/06\/Nuevos-caminos-1006x1024.jpg\" alt=\"\" width=\"474\" height=\"482\" srcset=\"https:\/\/malasartesanales.com\/wp-content\/uploads\/2020\/06\/Nuevos-caminos-1006x1024.jpg 1006w, https:\/\/malasartesanales.com\/wp-content\/uploads\/2020\/06\/Nuevos-caminos-295x300.jpg 295w, https:\/\/malasartesanales.com\/wp-content\/uploads\/2020\/06\/Nuevos-caminos-768x782.jpg 768w, https:\/\/malasartesanales.com\/wp-content\/uploads\/2020\/06\/Nuevos-caminos-1509x1536.jpg 1509w, https:\/\/malasartesanales.com\/wp-content\/uploads\/2020\/06\/Nuevos-caminos-2013x2048.jpg 2013w\" sizes=\"(max-width: 474px) 100vw, 474px\" \/><\/a><\/p>\n<p><strong>Limpieza<\/strong>: la obsidiana, es una piedra que absorbe las energ\u00edas negativas de nuestro entorno, elimina los bloqueos energ\u00e9ticos.\u00a0 Es una de las piedras protectoras contra la negatividad.<\/p>\n<p>El aroma m\u00edstico de la almendra, es un s\u00edmbolo de salud y bienestar. Ambos nos ayudar\u00e1n a limpiar nuestros senderos para avanzar con confianza.<\/p>\n<p>Pulsera ajustable con piedra de obsidiana, piedra volc\u00e1nica, hilo negro<a href=\"https:\/\/malasartesanales.com\/wp-content\/uploads\/2020\/06\/limpieza-scaled.jpg\"><img loading=\"lazy\" class=\"aligncenter size-large wp-image-797\" src=\"https:\/\/malasartesanales.com\/wp-content\/uploads\/2020\/06\/limpieza-1022x1024.jpg\" alt=\"\" width=\"474\" height=\"475\" srcset=\"https:\/\/malasartesanales.com\/wp-content\/uploads\/2020\/06\/limpieza-1022x1024.jpg 1022w, https:\/\/malasartesanales.com\/wp-content\/uploads\/2020\/06\/limpieza-300x300.jpg 300w, https:\/\/malasartesanales.com\/wp-content\/uploads\/2020\/06\/limpieza-150x150.jpg 150w, https:\/\/malasartesanales.com\/wp-content\/uploads\/2020\/06\/limpieza-768x769.jpg 768w, https:\/\/malasartesanales.com\/wp-content\/uploads\/2020\/06\/limpieza-1533x1536.jpg 1533w, https:\/\/malasartesanales.com\/wp-content\/uploads\/2020\/06\/limpieza-2044x2048.jpg 2044w\" sizes=\"(max-width: 474px) 100vw, 474px\" \/><\/a><\/p>\n<p><strong>Retorno a nuestro centro<\/strong>: las dos palabras que pueden definir la piedra ojo de tigre son: fuerza y equilibrio.\u00a0 Esta piedra la usamos para renovar nuestras energ\u00edas y reforzar la capacidad de confiar en nosotros mismos. Nos aportar\u00e1 seguridad, llev\u00e1ndonos a restaurar nuestro equilibrio interior.<\/p>\n<p>El aroma del Ylang Ylang, es de una energ\u00eda fuerte, pero trabaja de forma sutil en nosotros, junto al ojo de tigre, son ideales para trabajar nuestro tercer chakra, que es nuestro centro de poder. Nos ayudar\u00e1 a vivir en nuestro momento presente.<\/p>\n<p>Pulsera ajustable, piedra ojo de tigre, piedra volc\u00e1nica, hilo caf\u00e9 claro<a href=\"https:\/\/malasartesanales.com\/wp-content\/uploads\/2020\/06\/retorno-a-nuestro-centro-scaled.jpg\"><img loading=\"lazy\" class=\"aligncenter size-large wp-image-798\" src=\"https:\/\/malasartesanales.com\/wp-content\/uploads\/2020\/06\/retorno-a-nuestro-centro-1024x1017.jpg\" alt=\"\" width=\"474\" height=\"471\" srcset=\"https:\/\/malasartesanales.com\/wp-content\/uploads\/2020\/06\/retorno-a-nuestro-centro-1024x1017.jpg 1024w, https:\/\/malasartesanales.com\/wp-content\/uploads\/2020\/06\/retorno-a-nuestro-centro-300x298.jpg 300w, https:\/\/malasartesanales.com\/wp-content\/uploads\/2020\/06\/retorno-a-nuestro-centro-150x150.jpg 150w, https:\/\/malasartesanales.com\/wp-content\/uploads\/2020\/06\/retorno-a-nuestro-centro-768x763.jpg 768w, https:\/\/malasartesanales.com\/wp-content\/uploads\/2020\/06\/retorno-a-nuestro-centro-1536x1526.jpg 1536w, https:\/\/malasartesanales.com\/wp-content\/uploads\/2020\/06\/retorno-a-nuestro-centro-2048x2034.jpg 2048w\" sizes=\"(max-width: 474px) 100vw, 474px\" \/><\/a><\/p>\n<p><strong>Paz<\/strong>:\u00a0 la sodalita posee un significado espiritual muy importante, ayuda a quien la lleve consigo, a ser objetivo y tener una visibilidad profunda para poder escuchar su voz interna lo que le ayudar\u00e1 a tener una mejor comprensi\u00f3n de su entorno. Esto te llevar\u00e1 a sentirte en un entorno de confianza y seguridad.<\/p>\n<p>El geranio, es un aroma restaurador del equilibrio que aporta serenidad, conecta el pensamiento con la acci\u00f3n. La combinaci\u00f3n de ambos, nos proporcionar\u00e1 paz y serenidad.<\/p>\n<p>Pulsera ajustable, piedra sodalita, piedra volc\u00e1nica, hilo celeste<a href=\"https:\/\/malasartesanales.com\/wp-content\/uploads\/2020\/06\/Paz-scaled.jpg\"><img loading=\"lazy\" class=\"aligncenter size-large wp-image-799\" src=\"https:\/\/malasartesanales.com\/wp-content\/uploads\/2020\/06\/Paz-988x1024.jpg\" alt=\"\" width=\"474\" height=\"491\" srcset=\"https:\/\/malasartesanales.com\/wp-content\/uploads\/2020\/06\/Paz-988x1024.jpg 988w, https:\/\/malasartesanales.com\/wp-content\/uploads\/2020\/06\/Paz-290x300.jpg 290w, https:\/\/malasartesanales.com\/wp-content\/uploads\/2020\/06\/Paz-768x796.jpg 768w, https:\/\/malasartesanales.com\/wp-content\/uploads\/2020\/06\/Paz-1483x1536.jpg 1483w, https:\/\/malasartesanales.com\/wp-content\/uploads\/2020\/06\/Paz-1977x2048.jpg 1977w\" sizes=\"(max-width: 474px) 100vw, 474px\" \/><\/a><\/p>\n<p><strong>Disoluci\u00f3n<\/strong>: Este cuarzo, nos ayuda a afrontar las cargas, aclara pensamientos, disuelve tensiones emocionales con otras personas. Es un medio que nos conecta con la tierra, de esta forma purifica\u00a0 y transmuta esas energ\u00edas no deseables.<\/p>\n<p>La canela, es un aroma excitante, protector, que mejora nuestras habilidades, motivador. Ambos, nos ayudar\u00e1n a disolver, para llevarnos a un estado de calma y tranquilidad.\u00a0\u00a0\u00a0\u00a0<b>El aceite puro de canela, es IRRITANTE, por eso recomiendo que busques un aceite esencial, que tenga un grado apto para la piel, as\u00ed podr\u00e1s poner una gota, en la piedra volc\u00e1nica.<\/b><\/p>\n<p>Pulsera ajustable, cuarzo ahumado, piedra volc\u00e1nica, hilo caf\u00e9 oscuro<a href=\"https:\/\/malasartesanales.com\/wp-content\/uploads\/2020\/06\/Disolucion.jpg\"><img loading=\"lazy\" class=\"aligncenter size-full wp-image-800\" src=\"https:\/\/malasartesanales.com\/wp-content\/uploads\/2020\/06\/Disolucion.jpg\" alt=\"\" width=\"538\" height=\"555\" srcset=\"https:\/\/malasartesanales.com\/wp-content\/uploads\/2020\/06\/Disolucion.jpg 538w, https:\/\/malasartesanales.com\/wp-content\/uploads\/2020\/06\/Disolucion-291x300.jpg 291w\" sizes=\"(max-width: 538px) 100vw, 538px\" \/><\/a><\/p>\n<p><strong>Renovaci\u00f3n<\/strong>: Citrino, la piedra del poder personal. Estimulador de la independencia,\u00a0estimular de la seguridad en s\u00ed mismo. Estimula para que quiera ir en busca de nuevas experiencias. La piedra de la autorrealizaci\u00f3n.<\/p>\n<p>El aroma de naranja es purificador, proyecta alegr\u00eda y lucidez.\u00a0 Ambos te ayudar\u00e1n a sentirte en un estado de renovaci\u00f3n constante,\u00a0llenando tus d\u00edas de alegr\u00eda.<\/p>\n<p>Pulsera ajustable, cuarzo citrino, piedra volc\u00e1nica, hilo amarillo<a href=\"https:\/\/malasartesanales.com\/wp-content\/uploads\/2020\/06\/renovacion.jpg\"><img loading=\"lazy\" class=\"aligncenter size-full wp-image-801\" src=\"https:\/\/malasartesanales.com\/wp-content\/uploads\/2020\/06\/renovacion.jpg\" alt=\"\" width=\"980\" height=\"996\" srcset=\"https:\/\/malasartesanales.com\/wp-content\/uploads\/2020\/06\/renovacion.jpg 980w, https:\/\/malasartesanales.com\/wp-content\/uploads\/2020\/06\/renovacion-295x300.jpg 295w, https:\/\/malasartesanales.com\/wp-content\/uploads\/2020\/06\/renovacion-768x781.jpg 768w\" sizes=\"(max-width: 980px) 100vw, 980px\" \/><\/a><\/p>\n<p><strong>Relajaci\u00f3n<\/strong>: Amatista, la piedra tranquilizante de la naturaleza. Esta piedra tiene muchas propiedades,\u00a0 hoy, me centrar\u00e9 en su\u00a0aporte de calma y tranquilidad. Esta piedra, nos ayuda a dormir de forma relajada y profunda. Alivia tensiones f\u00edsicas y mentales. Es una piedra transmutadora.<\/p>\n<p>La lavanda, es un aroma que refresca y limpia, es anti estr\u00e9s, crea una sensaci\u00f3n de tranquilidad y paz.\u00a0 Ambas, te dar\u00e1n esa sensaci\u00f3n de paz y fluidez que necesitas.<\/p>\n<p>pulsera ajustable, cuarzo amatista, piedra volc\u00e1nica, hilo color lila<a href=\"https:\/\/malasartesanales.com\/wp-content\/uploads\/2020\/06\/Relajacion-1.jpg\"><img loading=\"lazy\" class=\"aligncenter size-full wp-image-802\" src=\"https:\/\/malasartesanales.com\/wp-content\/uploads\/2020\/06\/Relajacion-1.jpg\" alt=\"\" width=\"578\" height=\"544\" srcset=\"https:\/\/malasartesanales.com\/wp-content\/uploads\/2020\/06\/Relajacion-1.jpg 578w, https:\/\/malasartesanales.com\/wp-content\/uploads\/2020\/06\/Relajacion-1-300x282.jpg 300w\" sizes=\"(max-width: 578px) 100vw, 578px\" \/><\/a><\/p>\n<p>Cualquier duda que te pueda surgir, estoy a tus \u00f3rdenes, me puedes escribir a la p\u00e1gina de facebook (Balance: Ser, alma y Espacios), al correo electr\u00f3nico (balancedelser@gmail.com) o dejar tu comentario aqu\u00ed. Estoy siempre a tu servicio.<\/p>\n<p>Deseo para ti y los tuyos, bendiciones en abundancia!<\/p>\n<p>Con amor,<\/p>\n<p>Merche<\/p>\n","protected":false},"excerpt":{"rendered":"<p>Namaste, que sea un tiempo de paz y tranquilidad, que todo est\u00e9 fluyendo en armon\u00eda para ti y los tuyos. Hoy quiero presentarte la colecci\u00f3n de mis nuevas pulseras que he llamado Cuarzos y Aromas.\u00a0 He unido el poder de los cuarzos (reino mineral) con el poder de la aromaterapia (reino vegetal),\u00a0 ambas energ\u00edas trabajando &hellip; <a href=\"https:\/\/malasartesanales.com\/index.php\/2020\/06\/04\/pulseras-cuarzos-y-aromas\/\" class=\"more-link\">Seguir leyendo <span class=\"screen-reader-text\">Pulseras Cuarzos y Aromas<\/span> <span class=\"meta-nav\">&rarr;<\/span><\/a><\/p>\n","protected":false},"author":2,"featured_media":0,"comment_status":"open","ping_status":"open","sticky":false,"template":"","format":"standard","meta":[],"categories":[162],"tags":[116,80,110,123,106,108,124,122,113,121,109,105,114,107,111,115,118,86,112,104,125,117,120,119],"_links":{"self":[{"href":"https:\/\/malasartesanales.com\/index.php\/wp-json\/wp\/v2\/posts\/546"}],"collection":[{"href":"https:\/\/malasartesanales.com\/index.php\/wp-json\/wp\/v2\/posts"}],"about":[{"href":"https:\/\/malasartesanales.com\/index.php\/wp-json\/wp\/v2\/types\/post"}],"author":[{"embeddable":true,"href":"https:\/\/malasartesanales.com\/index.php\/wp-json\/wp\/v2\/users\/2"}],"replies":[{"embeddable":true,"href":"https:\/\/malasartesanales.com\/index.php\/wp-json\/wp\/v2\/comments?post=546"}],"version-history":[{"count":8,"href":"https:\/\/malasartesanales.com\/index.php\/wp-json\/wp\/v2\/posts\/546\/revisions"}],"predecessor-version":[{"id":830,"href":"https:\/\/malasartesanales.com\/index.php\/wp-json\/wp\/v2\/posts\/546\/revisions\/830"}],"wp:attachment":[{"href":"https:\/\/malasartesanales.com\/index.php\/wp-json\/wp\/v2\/media?parent=546"}],"wp:term":[{"taxonomy":"category","embeddable":true,"href":"https:\/\/malasartesanales.com\/index.php\/wp-json\/wp\/v2\/categories?post=546"},{"taxonomy":"post_tag","embeddable":true,"href":"https:\/\/malasartesanales.com\/index.php\/wp-json\/wp\/v2\/tags?post=546"}],"curies":[{"name":"wp","href":"https:\/\/api.w.org\/{rel}","templated":true}]}}